{"id":28912,"__str__":"REQUERIMENTO n\u00ba 233 de 2023","metadata":{},"numero":233,"ano":2023,"numero_protocolo":340,"data_apresentacao":"2023-02-13","tipo_apresentacao":"","data_publicacao":null,"numero_origem_externa":"","ano_origem_externa":null,"data_origem_externa":null,"apelido":"","dias_prazo":null,"data_fim_prazo":null,"em_tramitacao":false,"polemica":false,"objeto":"","complementar":false,"ementa":"Votos de Aplausos, ao Exmo. Sr. Prefeito de Caruaru, Rodrigo Pinheiro, ao Senhor Presidente da Funda\u00e7\u00e3o de Cultura de Caruaru, Rafael Martiniano e ao Vice-Presidente da Funda\u00e7\u00e3o de Cultura de Caruaru, H\u00e9rlon Cavalcanti, pela brilhante realiza\u00e7\u00e3o do per\u00edodo pr\u00e9-carnavalesco em nossa cidade.","indexacao":"","observacao":"","resultado":"","texto_original":"http://sapl.caruaru.pe.leg.br/media/sapl/public/materialegislativa/2023/28912/req_-_08.pdf","data_ultima_atualizacao":"2024-02-05T11:00:00.697624-03:00","ip":"","ultima_edicao":null,"tipo":1,"regime_tramitacao":1,"tipo_origem_externa":null,"local_origem_externa":null,"user":null,"anexadas":[],"autores":[23]}