{"id":2937,"__str__":"REQUERIMENTO n\u00ba 2868 de 2017","metadata":{},"numero":2868,"ano":2017,"numero_protocolo":1680,"data_apresentacao":"2017-11-23","tipo_apresentacao":"","data_publicacao":null,"numero_origem_externa":"","ano_origem_externa":null,"data_origem_externa":null,"apelido":"","dias_prazo":null,"data_fim_prazo":null,"em_tramitacao":false,"polemica":null,"objeto":"","complementar":null,"ementa":"REQUER IMPLANTA\u00c7\u00c3O DE COBERTAS NOS PONTOS DE \u00d4NIBUS- DEM\u00d3STENES VERAS","indexacao":"","observacao":"","resultado":"","texto_original":"http://sapl.caruaru.pe.leg.br/media/sapl/public/materialegislativa/2017/2937/requer-implanta-o-de-cobertas-nos-pontos-de-nib_sLiBTNE.pdf","data_ultima_atualizacao":"2021-02-05T21:39:26.786498-03:00","ip":"","ultima_edicao":null,"tipo":1,"regime_tramitacao":1,"tipo_origem_externa":null,"local_origem_externa":null,"user":null,"anexadas":[],"autores":[30]}