{"id":29483,"__str__":"REQUERIMENTO n\u00ba 634 de 2023","metadata":{},"numero":634,"ano":2023,"numero_protocolo":903,"data_apresentacao":"2023-03-13","tipo_apresentacao":"","data_publicacao":null,"numero_origem_externa":"","ano_origem_externa":null,"data_origem_externa":null,"apelido":"","dias_prazo":null,"data_fim_prazo":null,"em_tramitacao":false,"polemica":false,"objeto":"","complementar":false,"ementa":"Votos de Aplausos, ao Revmo. Sr. Bispo Diocesano de Caruaru, Dom Jos\u00e9 Ruy, e ao Revmo. Sr. Coordenador de Pastoral Diocesana, Padre Jos\u00e9 Adjacl\u00e9cio da Silva, pela brilhante realiza\u00e7\u00e3o do Caminhada do Perd\u00e3o, que aconteceu no dia 12 de mar\u00e7o do corrente ano.","indexacao":"","observacao":"","resultado":"","texto_original":"http://sapl.caruaru.pe.leg.br/media/sapl/public/materialegislativa/2023/29483/req_-_17_-_diocese_de_caruaru.pdf","data_ultima_atualizacao":"2024-02-05T11:01:34.678171-03:00","ip":"","ultima_edicao":null,"tipo":1,"regime_tramitacao":1,"tipo_origem_externa":null,"local_origem_externa":null,"user":null,"anexadas":[],"autores":[23]}