{"id":29486,"__str__":"INDICA\u00c7\u00c3O n\u00ba 107 de 2023","metadata":{},"numero":107,"ano":2023,"numero_protocolo":906,"data_apresentacao":"2023-03-13","tipo_apresentacao":"","data_publicacao":null,"numero_origem_externa":"","ano_origem_externa":null,"data_origem_externa":null,"apelido":"","dias_prazo":null,"data_fim_prazo":null,"em_tramitacao":false,"polemica":false,"objeto":"","complementar":false,"ementa":"No sentido de que em atendimento a Lei Federal N\u00ba 10.216, de 06 de Abril de 2021 - que garante a prote\u00e7\u00e3o e os direitos das pessoas portadoras de transtornos mentais e redireciona o modelo assistencial em sa\u00fade mental \u2013 para que seja institu\u00eddo/implementado um Centro de Refer\u00eancia com foco nas Crian\u00e7as e Adolescentes acometidos de Doen\u00e7as/Transtornos Mentais, no Munic\u00edpio de Caruaru - Capital do Agreste Pernambucano.","indexacao":"","observacao":"","resultado":"","texto_original":"http://sapl.caruaru.pe.leg.br/media/sapl/public/materialegislativa/2023/29486/indicacao_-_centro_de_referencia_com_foco_em_criancas_e_adolescentes_com_transtornos_mentais_em_caruaru.pdf","data_ultima_atualizacao":"2023-04-18T12:41:18.534606-03:00","ip":"","ultima_edicao":null,"tipo":2,"regime_tramitacao":1,"tipo_origem_externa":null,"local_origem_externa":null,"user":null,"anexadas":[],"autores":[116]}