{"id":29497,"__str__":"REQUERIMENTO n\u00ba 646 de 2023","metadata":{},"numero":646,"ano":2023,"numero_protocolo":917,"data_apresentacao":"2023-03-13","tipo_apresentacao":"","data_publicacao":null,"numero_origem_externa":"","ano_origem_externa":null,"data_origem_externa":null,"apelido":"","dias_prazo":null,"data_fim_prazo":null,"em_tramitacao":false,"polemica":false,"objeto":"","complementar":false,"ementa":"Para que sejam REITERADAS as seguintes numera\u00e7\u00f5es de mat\u00e9rias legislativas: 4336 (No sentido de que o Poder Executivo Municipal viabilize a implanta\u00e7\u00e3o de uma Feira Livre, bem como, a constru\u00e7\u00e3o de um p\u00e1tio para a realiza\u00e7\u00e3o do referido com\u00e9rcio popular na Vila Cip\u00f3, zona rural de Caruaru), apresentadas no ano de 2021.","indexacao":"","observacao":"","resultado":"","texto_original":"http://sapl.caruaru.pe.leg.br/media/sapl/public/materialegislativa/2023/29497/requerimento_reiterados_n_4336.2021.pdf","data_ultima_atualizacao":"2023-03-17T11:00:50.488597-03:00","ip":"","ultima_edicao":null,"tipo":1,"regime_tramitacao":1,"tipo_origem_externa":null,"local_origem_externa":null,"user":null,"anexadas":[],"autores":[116]}