{"id":29513,"__str__":"REQUERIMENTO n\u00ba 659 de 2023","metadata":{},"numero":659,"ano":2023,"numero_protocolo":933,"data_apresentacao":"2023-03-14","tipo_apresentacao":"","data_publicacao":null,"numero_origem_externa":"","ano_origem_externa":null,"data_origem_externa":null,"apelido":"","dias_prazo":null,"data_fim_prazo":null,"em_tramitacao":false,"polemica":false,"objeto":"","complementar":false,"ementa":"Reiterando requerimento 834/2022 para que se Estude a possibilidade de se fazer um recuo de aproximadamente um metro e meio das grades do Estacionamento da Feira do Artesanato, para fazer uma Reloca\u00e7\u00e3o para os Camel\u00f4s de Caruaru, que ficam na cal\u00e7ada da feira de artesanato.","indexacao":"","observacao":"","resultado":"","texto_original":"http://sapl.caruaru.pe.leg.br/media/sapl/public/materialegislativa/2023/29513/reiterando_requerimento_38_estacionamento_recuo_nas_grades_para_os_camelos_colocar_seus_banncos.pdf","data_ultima_atualizacao":"2023-03-17T10:24:10.717696-03:00","ip":"","ultima_edicao":null,"tipo":1,"regime_tramitacao":1,"tipo_origem_externa":null,"local_origem_externa":null,"user":null,"anexadas":[],"autores":[109]}