{"id":29526,"__str__":"INDICA\u00c7\u00c3O n\u00ba 110 de 2023","metadata":{},"numero":110,"ano":2023,"numero_protocolo":946,"data_apresentacao":"2023-03-14","tipo_apresentacao":"","data_publicacao":null,"numero_origem_externa":"","ano_origem_externa":null,"data_origem_externa":null,"apelido":"","dias_prazo":null,"data_fim_prazo":null,"em_tramitacao":false,"polemica":false,"objeto":"","complementar":false,"ementa":"Encaminhado a Excelent\u00edssimo Senhora Governadora do Estado de Pernambuco, Raquel Lyra, extensivo a Excelent\u00edssima Senhora Secret\u00e1ria de Defesa Social, Carla Patr\u00edcia Cunha, as quais indica e requer seja realizado estudo de viabilidade para implanta\u00e7\u00e3o de sistema de reconhecimento facial nos polos de anima\u00e7\u00e3o, durante as festividades do S\u00e3o Jo\u00e3o 2023, para identifica\u00e7\u00e3o de foragidos da justi\u00e7a e refor\u00e7o da seguran\u00e7a p\u00fablica, em nosso Munic\u00edpio, em parceria com a Prefeitura de Caruaru.","indexacao":"","observacao":"","resultado":"","texto_original":"http://sapl.caruaru.pe.leg.br/media/sapl/public/materialegislativa/2023/29526/indicacao_-_sds_-_governo_pe_-_reconhecimento_facial_no_sao_joao_2023.pdf","data_ultima_atualizacao":"2023-04-20T10:28:39.656193-03:00","ip":"","ultima_edicao":null,"tipo":2,"regime_tramitacao":1,"tipo_origem_externa":null,"local_origem_externa":null,"user":null,"anexadas":[],"autores":[104]}