{"id":29552,"__str__":"REQUERIMENTO n\u00ba 692 de 2023","metadata":{},"numero":692,"ano":2023,"numero_protocolo":971,"data_apresentacao":"2023-03-16","tipo_apresentacao":"","data_publicacao":null,"numero_origem_externa":"","ano_origem_externa":null,"data_origem_externa":null,"apelido":"","dias_prazo":null,"data_fim_prazo":null,"em_tramitacao":false,"polemica":false,"objeto":"","complementar":false,"ementa":"AO SECRET\u00c1RIO DE SA\u00daDE, O SENHOR GEORGE VELOSO DE MELO, \u00c0 SECRET\u00c1RIA DE EDUCA\u00c7\u00c3O, SENHORA ALINE TIB\u00daRCIO, \u00c0 SECRETARIA DE DESENVOLVIMENTO SOCIAL E DIREITOS HUMANOS, A SENHORA DAYSE SANTOS E O PRESIDENTE DA AMTTC, O SENHOR EDSON NOBREGA, PARA QUE POR MEIO DA POL\u00cdTICA P\u00daBLICA INTEGRADA E INTERSETORIAL, HAJA A REALIZA\u00c7\u00c3O DE UMA CAMPANHA DE IDENTIFICA\u00c7\u00c3O E CONSCIENTIZA\u00c7\u00c3O SOBRE A PRIORIDADE PARA AS PESSOAS COM DEFICI\u00caNCIA CONFORME A LEI N\u00ba 12.764, DE 27 DE DEZEMBRO DE 2012.","indexacao":"","observacao":"","resultado":"","texto_original":"http://sapl.caruaru.pe.leg.br/media/sapl/public/materialegislativa/2023/29552/44_requerimento_seduc_saude_sdsdh_amttc_campanha_identificacao_da_prioridade.pdf","data_ultima_atualizacao":"2023-03-28T12:13:20.145163-03:00","ip":"","ultima_edicao":null,"tipo":1,"regime_tramitacao":1,"tipo_origem_externa":null,"local_origem_externa":null,"user":null,"anexadas":[],"autores":[117]}