{"id":29558,"__str__":"REQUERIMENTO n\u00ba 698 de 2023","metadata":{},"numero":698,"ano":2023,"numero_protocolo":977,"data_apresentacao":"2023-03-16","tipo_apresentacao":"","data_publicacao":null,"numero_origem_externa":"","ano_origem_externa":null,"data_origem_externa":null,"apelido":"","dias_prazo":null,"data_fim_prazo":null,"em_tramitacao":false,"polemica":false,"objeto":"","complementar":false,"ementa":"Votos de aplausos \u00e0 R\u00e1dio Cidade pela passagem dos 03 anos de exist\u00eancia, contribuindo com a propaga\u00e7\u00e3o da informa\u00e7\u00e3o com credibilidade.","indexacao":"","observacao":"","resultado":"","texto_original":"http://sapl.caruaru.pe.leg.br/media/sapl/public/materialegislativa/2023/29558/vtp_-_radio_cidade.pdf","data_ultima_atualizacao":"2024-02-05T11:02:12.868540-03:00","ip":"","ultima_edicao":null,"tipo":1,"regime_tramitacao":1,"tipo_origem_externa":null,"local_origem_externa":null,"user":null,"anexadas":[],"autores":[23]}