{"id":29594,"__str__":"REQUERIMENTO n\u00ba 733 de 2023","metadata":{},"numero":733,"ano":2023,"numero_protocolo":1013,"data_apresentacao":"2023-03-16","tipo_apresentacao":"","data_publicacao":null,"numero_origem_externa":"","ano_origem_externa":null,"data_origem_externa":null,"apelido":"","dias_prazo":null,"data_fim_prazo":null,"em_tramitacao":false,"polemica":false,"objeto":"","complementar":false,"ementa":"Requerimento REITERADO para que estude a possiblidade de implanta\u00e7\u00e3o de faixa verde e \u00e1rea zona 30, na Av. Portugal.","indexacao":"","observacao":"","resultado":"","texto_original":"http://sapl.caruaru.pe.leg.br/media/sapl/public/materialegislativa/2023/29594/requeriment_reiterado_faixa_verde_2023.pdf","data_ultima_atualizacao":"2023-03-22T09:45:18.425586-03:00","ip":"","ultima_edicao":null,"tipo":1,"regime_tramitacao":1,"tipo_origem_externa":null,"local_origem_externa":null,"user":null,"anexadas":[],"autores":[105]}