{"id":29791,"__str__":"REQUERIMENTO n\u00ba 881 de 2023","metadata":{},"numero":881,"ano":2023,"numero_protocolo":1204,"data_apresentacao":"2023-03-28","tipo_apresentacao":"","data_publicacao":null,"numero_origem_externa":"","ano_origem_externa":null,"data_origem_externa":null,"apelido":"","dias_prazo":null,"data_fim_prazo":null,"em_tramitacao":false,"polemica":false,"objeto":"","complementar":false,"ementa":"AO SECRET\u00c1RIO DE ORDEM P\u00daBLICA, NA PESSOA DO SENHOR CEL. JO\u00c3O PATR\u00cdCIO DA SILVA FILHO, O PEDIDO DE REALIZA\u00c7\u00c3O DE CAPACITA\u00c7\u00c3O DE \u201cATUA\u00c7\u00c3O EM DEFESA CIVIL\u201d DOS 100 NOVOS AGENTES DA GUARDA MUNICIPAL, ASSIM COMO A ATUALIZA\u00c7\u00c3O DA TURMA ANTERIOR, CONFORME O ART. 5\u00ba DA LEI FEDERAL 13.022/2014.","indexacao":"","observacao":"","resultado":"","texto_original":"http://sapl.caruaru.pe.leg.br/media/sapl/public/materialegislativa/2023/29791/57_requerimento_sec_dedesa_civil_capacitacao_dos_agentes_da_guarda_municipal.pdf","data_ultima_atualizacao":"2023-03-31T11:25:37.042706-03:00","ip":"","ultima_edicao":null,"tipo":1,"regime_tramitacao":1,"tipo_origem_externa":null,"local_origem_externa":null,"user":null,"anexadas":[],"autores":[117]}