{"id":29818,"__str__":"REQUERIMENTO n\u00ba 905 de 2023","metadata":{},"numero":905,"ano":2023,"numero_protocolo":1231,"data_apresentacao":"2023-03-28","tipo_apresentacao":"","data_publicacao":null,"numero_origem_externa":"","ano_origem_externa":null,"data_origem_externa":null,"apelido":"","dias_prazo":null,"data_fim_prazo":null,"em_tramitacao":false,"polemica":false,"objeto":"","complementar":false,"ementa":"No sentido de Realizar Um Estudo de Viabilidade e Posterior Aplicabilidade da Mudan\u00e7a do Dia de Realiza\u00e7\u00e3o da Feira da Sulanca de Caruaru, para a Quinta-Feira, operando em sinergia com o calend\u00e1rio das feiras de Toritama e Santa Cruz \u2013 regi\u00f5es que comp\u00f5em o Polo de Confec\u00e7\u00e3o do Agreste.","indexacao":"","observacao":"","resultado":"","texto_original":"http://sapl.caruaru.pe.leg.br/media/sapl/public/materialegislativa/2023/29818/requerimento_-_mudanca_no_dia_da_feira_da_sulanca_-.pdf","data_ultima_atualizacao":"2023-03-31T09:35:59.553248-03:00","ip":"","ultima_edicao":null,"tipo":1,"regime_tramitacao":1,"tipo_origem_externa":null,"local_origem_externa":null,"user":null,"anexadas":[],"autores":[116]}