{"id":2984,"__str__":"REQUERIMENTO n\u00ba 2891 de 2017","metadata":{},"numero":2891,"ano":2017,"numero_protocolo":1726,"data_apresentacao":"2017-11-28","tipo_apresentacao":"","data_publicacao":null,"numero_origem_externa":"","ano_origem_externa":null,"data_origem_externa":null,"apelido":"","dias_prazo":null,"data_fim_prazo":null,"em_tramitacao":false,"polemica":null,"objeto":"","complementar":null,"ementa":"Requerimento solicitando revitaliza\u00e7\u00e3o do piso do espa\u00e7o onde funciona a feira dos Bairros Boa vista I e II.","indexacao":"","observacao":"","resultado":"","texto_original":"http://sapl.caruaru.pe.leg.br/media/sapl/public/materialegislativa/2017/2984/solicita-o-de-revitaliza-o-espa-o-da-feira-boa-_pX1ACG0.pdf","data_ultima_atualizacao":"2021-02-05T21:39:32.786043-03:00","ip":"","ultima_edicao":null,"tipo":1,"regime_tramitacao":1,"tipo_origem_externa":null,"local_origem_externa":null,"user":null,"anexadas":[],"autores":[12]}