{"id":30121,"__str__":"REQUERIMENTO n\u00ba 1086 de 2023","metadata":{},"numero":1086,"ano":2023,"numero_protocolo":1527,"data_apresentacao":"2023-04-12","tipo_apresentacao":"","data_publicacao":null,"numero_origem_externa":"","ano_origem_externa":null,"data_origem_externa":null,"apelido":"","dias_prazo":null,"data_fim_prazo":null,"em_tramitacao":false,"polemica":false,"objeto":"","complementar":false,"ementa":"Requer apelo a Exmo. Diretor Presidente da Autarquia de Mobilidade, Tr\u00e2nsito e Transporte de Caruaru- AMTTC, Edson N\u00f3brega para que viabilize: INTENSIFICAR A ROTA DE TRANSPORTE P\u00daBLICO (COLETIVO), NO PARQUE DO CEDRO- FINAL DA AVENIDA PARA\u00cdSO","indexacao":"","observacao":"","resultado":"","texto_original":"http://sapl.caruaru.pe.leg.br/media/sapl/public/materialegislativa/2023/30121/parque_do_cedro_amttc_transporte_publico.pdf","data_ultima_atualizacao":"2023-05-05T11:27:41.138950-03:00","ip":"","ultima_edicao":null,"tipo":1,"regime_tramitacao":1,"tipo_origem_externa":null,"local_origem_externa":null,"user":null,"anexadas":[],"autores":[113]}