{"id":30492,"__str__":"REQUERIMENTO n\u00ba 1300 de 2023","metadata":{},"numero":1300,"ano":2023,"numero_protocolo":1892,"data_apresentacao":"2023-04-27","tipo_apresentacao":"","data_publicacao":null,"numero_origem_externa":"","ano_origem_externa":null,"data_origem_externa":null,"apelido":"","dias_prazo":null,"data_fim_prazo":null,"em_tramitacao":false,"polemica":false,"objeto":"","complementar":false,"ementa":"Requer apelo a Exmo. Diretor Presidente da Autarquia de Mobilidade, Tr\u00e2nsito e Transporte de Caruaru- AMTTC, Edson N\u00f3brega, no sentido que viabilizem na Rua Vereador Abel Ambr\u00f3sio da Silva, 316 (em frente ao col\u00e9gio Incentivo)- Bairro: Jardim Boa Vista: Lombadas e Placas de Sinaliza\u00e7\u00f5es e na Avenida Major Jo\u00e3o Coelho e Rua 6 A- Rua C\u00edcero Severino de Oliveira, Bairro: Rendeiras: Bin\u00e1rio. Rua Odilon Ramos da Silva (em frente a escola Professor Leudo Valen\u00e7a), Bairro Rendeiras:  sinaliza\u00e7\u00f5es e implanta\u00e7\u00e3o de m\u00e3o \u00fanica.","indexacao":"","observacao":"","resultado":"","texto_original":"http://sapl.caruaru.pe.leg.br/media/sapl/public/materialegislativa/2023/30492/rendeiras_boa_vista.pdf","data_ultima_atualizacao":"2023-05-03T11:01:25.407292-03:00","ip":"","ultima_edicao":null,"tipo":1,"regime_tramitacao":1,"tipo_origem_externa":null,"local_origem_externa":null,"user":null,"anexadas":[],"autores":[113]}