{"id":31198,"__str__":"REQUERIMENTO n\u00ba 1711 de 2023","metadata":{},"numero":1711,"ano":2023,"numero_protocolo":2580,"data_apresentacao":"2023-06-06","tipo_apresentacao":"","data_publicacao":null,"numero_origem_externa":"","ano_origem_externa":null,"data_origem_externa":null,"apelido":"","dias_prazo":null,"data_fim_prazo":null,"em_tramitacao":false,"polemica":false,"objeto":"","complementar":false,"ementa":"Reiterando requerimento 1687/2022 para que se viabilize  implantar uma alternativa na Avenida Bel\u00e9m de S\u00e3o Francisco, bairro Jardim Panorama em frente \u00e0 escola municipal e mais adiante em frente \u00e0 Escola Espa\u00e7o Educativo, pois nos hor\u00e1rios para os pais deixarem seus filhos nas escolas o transito fica um caos, ve\u00edculos que invadem a contra m\u00e3o.","indexacao":"","observacao":"","resultado":"","texto_original":"http://sapl.caruaru.pe.leg.br/media/sapl/public/materialegislativa/2023/31198/reiterando_requerimento_103_o_pedido_para_implantar_uma_alternativa_na_avenida_belem_de_sao_francisco_bairro_jardim_panorama_em_frente_a_escola_municipal__.pdf","data_ultima_atualizacao":"2023-06-14T11:31:07.317100-03:00","ip":"","ultima_edicao":null,"tipo":1,"regime_tramitacao":1,"tipo_origem_externa":null,"local_origem_externa":null,"user":null,"anexadas":[],"autores":[109]}