{"id":3120,"__str__":"REQUERIMENTO n\u00ba 2985 de 2017","metadata":{},"numero":2985,"ano":2017,"numero_protocolo":1853,"data_apresentacao":"2017-12-07","tipo_apresentacao":"","data_publicacao":null,"numero_origem_externa":"","ano_origem_externa":null,"data_origem_externa":null,"apelido":"","dias_prazo":null,"data_fim_prazo":null,"em_tramitacao":false,"polemica":null,"objeto":"","complementar":null,"ementa":"Requer que se proceda com a REALIZA\u00c7\u00c3O DE SERVI\u00c7OS DE REVITALIZA\u00c7\u00c3O E REFORMA DA ILUMINA\u00c7\u00c3O DA PRA\u00c7A P\u00daBLICA GERALDO BORBA, LOCALIZADA NA RUA S\u00c3O LUCAS \u2013 BAIRRO PETR\u00d3POLIS.","indexacao":"","observacao":"","resultado":"","texto_original":"http://sapl.caruaru.pe.leg.br/media/sapl/public/materialegislativa/2017/3120/req.-vecfcmc-revitaliza-o-da-pra-a-general-borb_B52UZzH.pdf","data_ultima_atualizacao":"2021-02-06T08:32:55.851533-03:00","ip":"","ultima_edicao":null,"tipo":1,"regime_tramitacao":1,"tipo_origem_externa":null,"local_origem_externa":null,"user":null,"anexadas":[],"autores":[16]}