{"id":31266,"__str__":"REQUERIMENTO n\u00ba 1732 de 2023","metadata":{},"numero":1732,"ano":2023,"numero_protocolo":2638,"data_apresentacao":"2023-06-08","tipo_apresentacao":"","data_publicacao":null,"numero_origem_externa":"","ano_origem_externa":null,"data_origem_externa":null,"apelido":"","dias_prazo":null,"data_fim_prazo":null,"em_tramitacao":false,"polemica":false,"objeto":"","complementar":false,"ementa":"Reiterando requerimento 1790/2022 Anteprojeto: Cria o \u201cSelo Verde\u201d para empresas que cumpram com as normas de acessibilidade e cotas de vagas de trabalho para pessoa com defici\u00eancia, no \u00e2mbito do munic\u00edpio de Caruaru, e d\u00e1 outras provid\u00eancias.","indexacao":"","observacao":"","resultado":"","texto_original":"http://sapl.caruaru.pe.leg.br/media/sapl/public/materialegislativa/2023/31266/reiterando_requerimento_109_anteprojeto_cria_o_selo_verdepara_empresas_que_cumpram_com_as_normas_de_acessibilidade_e_cotas_de_vagas_de_trabalho_para_pessoa_com_deficiencia.pdf","data_ultima_atualizacao":"2023-07-11T12:23:58.927273-03:00","ip":"","ultima_edicao":null,"tipo":1,"regime_tramitacao":1,"tipo_origem_externa":null,"local_origem_externa":null,"user":null,"anexadas":[36047],"autores":[109]}