{"id":3128,"__str__":"REQUERIMENTO n\u00ba 2991 de 2017","metadata":{},"numero":2991,"ano":2017,"numero_protocolo":1860,"data_apresentacao":"2017-12-12","tipo_apresentacao":"","data_publicacao":null,"numero_origem_externa":"","ano_origem_externa":null,"data_origem_externa":null,"apelido":"","dias_prazo":null,"data_fim_prazo":null,"em_tramitacao":false,"polemica":null,"objeto":"","complementar":null,"ementa":"Para que fa\u00e7am fiscaliza\u00e7\u00e3o, nos estacionamentos rotativos e outros da nossa cidade, do uso dos lugares reservados aos idosos e deficientes, pois pessoas sem respeito, usam estes lugares sem o m\u00ednima considera\u00e7\u00e3o as pessoas a que se destinam.  DESTRA/ GUARDA MUNICIPAL.","indexacao":"","observacao":"","resultado":"","texto_original":"http://sapl.caruaru.pe.leg.br/media/sapl/public/materialegislativa/2017/3128/req.-destra-lugares-idosos-e-deficientes.-12-12-2017.pdf","data_ultima_atualizacao":"2018-06-19T09:04:47.361928-03:00","ip":"","ultima_edicao":null,"tipo":1,"regime_tramitacao":1,"tipo_origem_externa":null,"local_origem_externa":null,"user":null,"anexadas":[3939],"autores":[13]}