{"id":31509,"__str__":"REQUERIMENTO n\u00ba 1872 de 2023","metadata":{},"numero":1872,"ano":2023,"numero_protocolo":2875,"data_apresentacao":"2023-08-01","tipo_apresentacao":"","data_publicacao":null,"numero_origem_externa":"","ano_origem_externa":null,"data_origem_externa":null,"apelido":"","dias_prazo":null,"data_fim_prazo":null,"em_tramitacao":false,"polemica":false,"objeto":"","complementar":false,"ementa":"Anteprojeto de Lei que disp\u00f5e sobre cria\u00e7\u00e3o do programa \u201cCaruaru Acess\u00edvel\u201d que implementa a acessibilidade e mobilidade urbana priorit\u00e1ria para pedestres, pessoas com defici\u00eancia, dificuldade de locomo\u00e7\u00e3o e idosos, no \u00e2mbito de nosso munic\u00edpio.","indexacao":"","observacao":"","resultado":"","texto_original":"http://sapl.caruaru.pe.leg.br/media/sapl/public/materialegislativa/2023/31509/req-_3107.pdf","data_ultima_atualizacao":"2023-08-10T11:20:54.195141-03:00","ip":"","ultima_edicao":null,"tipo":1,"regime_tramitacao":1,"tipo_origem_externa":null,"local_origem_externa":null,"user":null,"anexadas":[],"autores":[111]}