{"id":31545,"__str__":"PROJETO DE LEI n\u00ba 9626 de 2023","metadata":{},"numero":9626,"ano":2023,"numero_protocolo":2905,"data_apresentacao":"2023-08-03","tipo_apresentacao":"","data_publicacao":null,"numero_origem_externa":"","ano_origem_externa":null,"data_origem_externa":null,"apelido":"","dias_prazo":null,"data_fim_prazo":null,"em_tramitacao":false,"polemica":false,"objeto":"","complementar":false,"ementa":"Disp\u00f5e sobre a institui\u00e7\u00e3o da \u201cSemana Municipal do Profissional de Educa\u00e7\u00e3o F\u00edsica\u201d e do \u201cDia do Profissional de Educa\u00e7\u00e3o F\u00edsica\u201d no Munic\u00edpio de Caruaru-PE e a d\u00e1 outras providencias.","indexacao":"","observacao":"","resultado":"","texto_original":"http://sapl.caruaru.pe.leg.br/media/sapl/public/materialegislativa/2023/31545/pl_-_semana_municipal_do_profissional_de_educacao_fisica.pdf","data_ultima_atualizacao":"2024-03-03T09:58:40.752661-03:00","ip":"","ultima_edicao":null,"tipo":3,"regime_tramitacao":1,"tipo_origem_externa":null,"local_origem_externa":null,"user":null,"anexadas":[34390,32208],"autores":[111]}