{"id":31622,"__str__":"REQUERIMENTO n\u00ba 1966 de 2023","metadata":{},"numero":1966,"ano":2023,"numero_protocolo":2981,"data_apresentacao":"2023-08-08","tipo_apresentacao":"","data_publicacao":null,"numero_origem_externa":"","ano_origem_externa":null,"data_origem_externa":null,"apelido":"","dias_prazo":null,"data_fim_prazo":null,"em_tramitacao":false,"polemica":false,"objeto":"","complementar":false,"ementa":"Requer que seja colocada a ilumina\u00e7\u00e3o na cor VERDE, na parte externa da C\u00e2mara, durante a primeira semana de setembro \u2013 a partir do dia 1\u00ba \u2013, para homenagear e em alus\u00e3o a Semana Municipal de Educa\u00e7\u00e3o F\u00edsica (Lei Municipal n\u00ba 6.861/2022 ) e ao Dia do Profissional de Educa\u00e7\u00e3o F\u00edsica (Lei Federal n\u00ba 11.342/2006).","indexacao":"","observacao":"","resultado":"","texto_original":"http://sapl.caruaru.pe.leg.br/media/sapl/public/materialegislativa/2023/31622/req_luzes_camara_ed_fisica_verde.pdf","data_ultima_atualizacao":"2023-08-17T11:34:55.464519-03:00","ip":"","ultima_edicao":null,"tipo":1,"regime_tramitacao":1,"tipo_origem_externa":null,"local_origem_externa":null,"user":null,"anexadas":[],"autores":[105]}