{"id":31636,"__str__":"REQUERIMENTO n\u00ba 1979 de 2023","metadata":{},"numero":1979,"ano":2023,"numero_protocolo":2995,"data_apresentacao":"2023-08-08","tipo_apresentacao":"","data_publicacao":null,"numero_origem_externa":"","ano_origem_externa":null,"data_origem_externa":null,"apelido":"","dias_prazo":null,"data_fim_prazo":null,"em_tramitacao":false,"polemica":false,"objeto":"","complementar":false,"ementa":"Requeiro ao Secret\u00e1rio de Infraestruturas e Obras, Sr. Andrews\r\nMelo e ao Presidente da Autarquia de Mobilidade, Transito e Transporte de Caruaru\r\n(AMTTC), Sr. Cel Edson N\u00f3brega de Almeida, a constru\u00e7\u00e3o e sinaliza\u00e7\u00e3o de\r\nFAIXAS ELEVADAS PARA TRAVESSIAS DE PEDESTRES, na Avenida Rio\r\nBranco (pr\u00f3ximo a Igreja Nossa Senhora das Dores), Avenida Major Manoel\r\nde Freitas (pr\u00f3ximo ao Maur\u00edcio de Nassau Trade Center) e duas na Avenida\r\nAgamenon Magalh\u00e3es (pr\u00f3ximo ao Shopping Difusora e outra no sem\u00e1foro\r\n(pr\u00f3ximo ao Times Business Center).","indexacao":"","observacao":"","resultado":"","texto_original":"http://sapl.caruaru.pe.leg.br/media/sapl/public/materialegislativa/2023/31636/lombadas_elevadas.pdf","data_ultima_atualizacao":"2023-08-11T11:10:35.749671-03:00","ip":"","ultima_edicao":null,"tipo":1,"regime_tramitacao":1,"tipo_origem_externa":null,"local_origem_externa":null,"user":null,"anexadas":[],"autores":[106]}