{"id":31890,"__str__":"REQUERIMENTO n\u00ba 2079 de 2023","metadata":{},"numero":2079,"ano":2023,"numero_protocolo":3245,"data_apresentacao":"2023-08-18","tipo_apresentacao":"","data_publicacao":null,"numero_origem_externa":"","ano_origem_externa":null,"data_origem_externa":null,"apelido":"","dias_prazo":null,"data_fim_prazo":null,"em_tramitacao":false,"polemica":false,"objeto":"","complementar":false,"ementa":"AO PRESIDENTE INTERINO DA FUNDA\u00c7\u00c3O DE CULTURA, O SENHOR HERLON CAVALCANTE, PARA QUE IMPLEMENTE O PROJETO I FESTIVAL DE DAN\u00c7AS URBANAS DE CARUARU.","indexacao":"","observacao":"","resultado":"","texto_original":"http://sapl.caruaru.pe.leg.br/media/sapl/public/materialegislativa/2023/31890/168_requerimento_fund_de_cultura_1_festival_de_dancas_urbanas.pdf","data_ultima_atualizacao":"2023-08-29T11:22:42.859635-03:00","ip":"","ultima_edicao":null,"tipo":1,"regime_tramitacao":1,"tipo_origem_externa":null,"local_origem_externa":null,"user":null,"anexadas":[],"autores":[117]}