{"id":31895,"__str__":"REQUERIMENTO n\u00ba 2083 de 2023","metadata":{},"numero":2083,"ano":2023,"numero_protocolo":3250,"data_apresentacao":"2023-08-21","tipo_apresentacao":"","data_publicacao":null,"numero_origem_externa":"","ano_origem_externa":null,"data_origem_externa":null,"apelido":"","dias_prazo":null,"data_fim_prazo":null,"em_tramitacao":false,"polemica":false,"objeto":"","complementar":false,"ementa":"Requer a cria\u00e7\u00e3o de procedimentos para inclus\u00e3o de crian\u00e7as com defici\u00eancia auditiva nas escolas da rede P\u00fablica do munic\u00edpio de Caruaru.","indexacao":"","observacao":"","resultado":"","texto_original":"http://sapl.caruaru.pe.leg.br/media/sapl/public/materialegislativa/2023/31895/req20.pdf","data_ultima_atualizacao":"2023-08-29T11:38:28.812523-03:00","ip":"","ultima_edicao":null,"tipo":1,"regime_tramitacao":1,"tipo_origem_externa":null,"local_origem_externa":null,"user":null,"anexadas":[],"autores":[111]}