{"id":31899,"__str__":"REQUERIMENTO n\u00ba 2087 de 2023","metadata":{},"numero":2087,"ano":2023,"numero_protocolo":3254,"data_apresentacao":"2023-08-21","tipo_apresentacao":"","data_publicacao":null,"numero_origem_externa":"","ano_origem_externa":null,"data_origem_externa":null,"apelido":"","dias_prazo":null,"data_fim_prazo":null,"em_tramitacao":false,"polemica":false,"objeto":"","complementar":false,"ementa":"Reitero os Requerimento N\u00ba 2.101/2021 e 1.659/2022 para que se proceda com a reforma na USF \u2013 Micro\u00e1rea Caldeir\u00e3o, no S\u00edtio Caldeir\u00e3o \u2013 Zona Rual, neste munic\u00edpio.","indexacao":"","observacao":"","resultado":"","texto_original":"http://sapl.caruaru.pe.leg.br/media/sapl/public/materialegislativa/2023/31899/requerimento_-_reforma_usf_sitio_caldeirao.pdf","data_ultima_atualizacao":"2023-08-29T11:54:08.084189-03:00","ip":"","ultima_edicao":null,"tipo":1,"regime_tramitacao":1,"tipo_origem_externa":null,"local_origem_externa":null,"user":null,"anexadas":[],"autores":[115]}