{"id":31923,"__str__":"REQUERIMENTO n\u00ba 2108 de 2023","metadata":{},"numero":2108,"ano":2023,"numero_protocolo":3278,"data_apresentacao":"2023-08-22","tipo_apresentacao":"","data_publicacao":null,"numero_origem_externa":"","ano_origem_externa":null,"data_origem_externa":null,"apelido":"","dias_prazo":null,"data_fim_prazo":null,"em_tramitacao":false,"polemica":false,"objeto":"","complementar":false,"ementa":"MO\u00c7\u00c3O DE APLAUSOS E CONGRATULA\u00c7\u00d5ES para os profissionais de educa\u00e7\u00e3o f\u00edsica \u2013 representados nos nomes listados abaixo \u2013, pelos relevantes servi\u00e7os prestados ao munic\u00edpio de Caruaru no \u00e2mbito da sa\u00fade e bem-estar, promovendo uma melhor qualidade de vida a todos os cidad\u00e3os caruaruenses \u2013 e em homenagem pelo Dia do Profissional de Educa\u00e7\u00e3o F\u00edsica, a ser comemorado em 1\u00ba de setembro.","indexacao":"","observacao":"","resultado":"","texto_original":"http://sapl.caruaru.pe.leg.br/media/sapl/public/materialegislativa/2023/31923/voto_de_aplausos_profissionais_de_ed_fisica_2023.pdf","data_ultima_atualizacao":"2023-08-28T11:03:02.383046-03:00","ip":"","ultima_edicao":null,"tipo":1,"regime_tramitacao":1,"tipo_origem_externa":null,"local_origem_externa":null,"user":null,"anexadas":[],"autores":[105]}