{"id":31957,"__str__":"REQUERIMENTO n\u00ba 2123 de 2023","metadata":{},"numero":2123,"ano":2023,"numero_protocolo":3311,"data_apresentacao":"2023-08-24","tipo_apresentacao":"","data_publicacao":null,"numero_origem_externa":"","ano_origem_externa":null,"data_origem_externa":null,"apelido":"","dias_prazo":null,"data_fim_prazo":null,"em_tramitacao":false,"polemica":false,"objeto":"","complementar":false,"ementa":"Requer que seja inserido na Ata dos trabalhos da presente Sess\u00e3o, votos de aplausos ao Museu do Cordel Oleg\u00e1rio Fernandes, por seus 24 anos de resist\u00eancia, completados no dia 21 de agosto, bem como aos servi\u00e7os prestados \u00e0 Cultura Popular na nossa cidade.","indexacao":"","observacao":"","resultado":"","texto_original":"http://sapl.caruaru.pe.leg.br/media/sapl/public/materialegislativa/2023/31957/req_-_voto_de_aplauso_24_anos_museu_do_cordel.pdf","data_ultima_atualizacao":"2023-10-31T11:49:38.030499-03:00","ip":"","ultima_edicao":null,"tipo":1,"regime_tramitacao":1,"tipo_origem_externa":null,"local_origem_externa":null,"user":null,"anexadas":[],"autores":[111]}