{"id":31976,"__str__":"REQUERIMENTO n\u00ba 2137 de 2023","metadata":{},"numero":2137,"ano":2023,"numero_protocolo":3330,"data_apresentacao":"2023-08-24","tipo_apresentacao":"","data_publicacao":null,"numero_origem_externa":"","ano_origem_externa":null,"data_origem_externa":null,"apelido":"","dias_prazo":null,"data_fim_prazo":null,"em_tramitacao":false,"polemica":false,"objeto":"","complementar":false,"ementa":"Requer que sejam inseridos na Ata dos trabalhos da presente Sess\u00e3o, VOTOS DE APLAUSOS aos profissionais de Educa\u00e7\u00e3o F\u00edsica, representados pelos nomes descritos abaixo, pelos relevantes servi\u00e7os prestados a toda popula\u00e7\u00e3o de Caruaru, no \u00e2mbito da Sa\u00fade, bem como, pela excel\u00eancia demonstrada no exerc\u00edcio da profiss\u00e3o e em homenagem ao dia do profissional de educa\u00e7\u00e3o f\u00edsica a ser comemorado no dia 1\u00ba de setembro.","indexacao":"","observacao":"","resultado":"","texto_original":"http://sapl.caruaru.pe.leg.br/media/sapl/public/materialegislativa/2023/31976/req_-_voto_de_aplauso_profissional_de_educacao_fisica.pdf","data_ultima_atualizacao":"2023-10-31T11:15:20.402913-03:00","ip":"","ultima_edicao":null,"tipo":1,"regime_tramitacao":1,"tipo_origem_externa":null,"local_origem_externa":null,"user":null,"anexadas":[],"autores":[111]}