{"id":31998,"__str__":"REQUERIMENTO n\u00ba 2157 de 2023","metadata":{},"numero":2157,"ano":2023,"numero_protocolo":3351,"data_apresentacao":"2023-08-27","tipo_apresentacao":"","data_publicacao":null,"numero_origem_externa":"","ano_origem_externa":null,"data_origem_externa":null,"apelido":"","dias_prazo":null,"data_fim_prazo":null,"em_tramitacao":false,"polemica":false,"objeto":"","complementar":false,"ementa":"Requeiro a capina\u00e7\u00e3o na Rua Fernando Bernardino de Lucena, no bairro S\u00e3o Jos\u00e9 1, nesta cidade.","indexacao":"","observacao":"","resultado":"","texto_original":"http://sapl.caruaru.pe.leg.br/media/sapl/public/materialegislativa/2023/31998/requerimento_no__-_capinacao_na_rua_fernando_bernardino_de_lucena.pdf","data_ultima_atualizacao":"2023-09-11T12:06:46.384362-03:00","ip":"","ultima_edicao":null,"tipo":1,"regime_tramitacao":1,"tipo_origem_externa":null,"local_origem_externa":null,"user":null,"anexadas":[],"autores":[114]}