{"id":3204,"__str__":"REQUERIMENTO n\u00ba 3038 de 2017","metadata":{},"numero":3038,"ano":2017,"numero_protocolo":1935,"data_apresentacao":"2017-12-14","tipo_apresentacao":"","data_publicacao":null,"numero_origem_externa":"","ano_origem_externa":null,"data_origem_externa":null,"apelido":"","dias_prazo":null,"data_fim_prazo":null,"em_tramitacao":false,"polemica":null,"objeto":"","complementar":null,"ementa":"PARA QUE SE CRIE UM ESPA\u00c7O F\u00cdSICO NO PR\u00c9DIO DA C\u00c2MARA MUNICIPAL DE CARUARU, PARA A INSTALA\u00c7\u00c3O DE UM LOCAL ADEQUADO \u00c0 AMAMENTA\u00c7\u00c3O E SALA DE HIGIENIZA\u00c7\u00c3O, SENDO DENOMINADO DE \u201cFRALD\u00c1RIO\u201d, ATENDENDO A RESOLU\u00c7\u00c3O N\u00ba 530/2005, DE 25 DE MAIO DE 2005, PROPOSITURA DA EX-VEREADORA LAURA GOMES.","indexacao":"","observacao":"","resultado":"","texto_original":"http://sapl.caruaru.pe.leg.br/media/sapl/public/materialegislativa/2017/3204/requerimento-2017-instala-o-de-frald-rio-no-pr-_UzvEO1R.pdf","data_ultima_atualizacao":"2018-06-19T09:04:47.983503-03:00","ip":"","ultima_edicao":null,"tipo":1,"regime_tramitacao":1,"tipo_origem_externa":null,"local_origem_externa":null,"user":null,"anexadas":[],"autores":[24]}