{"id":32045,"__str__":"REQUERIMENTO n\u00ba 2184 de 2023","metadata":{},"numero":2184,"ano":2023,"numero_protocolo":3398,"data_apresentacao":"2023-08-29","tipo_apresentacao":"","data_publicacao":null,"numero_origem_externa":"","ano_origem_externa":null,"data_origem_externa":null,"apelido":"","dias_prazo":null,"data_fim_prazo":null,"em_tramitacao":false,"polemica":false,"objeto":"","complementar":false,"ementa":"Requeiro ao Secret\u00e1rio de Infraestruturas e Obras, Sr. Andrews Melo e ao Presidente da Autarquia de Mobilidade, Transito e Transporte de Caruaru (AMTTC), Sr. Cel. Edson N\u00f3brega de Almeida, a constru\u00e7\u00e3o e sinaliza\u00e7\u00e3o de FAIXAS ELEVADAS PARA TRAVESSIAS DE PEDESTRES, Rua 7 de Setembro (pr\u00f3ximo a Igreja de Nossa Senhora da Concei\u00e7\u00e3o), Rua P\u00e7a. Get\u00falio Vargas (pr\u00f3ximo a Igreja de Nossa Senhora do Ros\u00e1rio), Rua Alberto Guilherme Sobrinho, Av. Lourival Jos\u00e9 da Silva (pr\u00f3ximo ao Col\u00e9gio Sagrado Cora\u00e7\u00e3o e outra pr\u00f3xima ao acesso a Casa dos Pobres).","indexacao":"","observacao":"","resultado":"","texto_original":"http://sapl.caruaru.pe.leg.br/media/sapl/public/materialegislativa/2023/32045/lombadas_elevadas_igreja.pdf","data_ultima_atualizacao":"2023-09-01T12:14:20.222900-03:00","ip":"","ultima_edicao":null,"tipo":1,"regime_tramitacao":1,"tipo_origem_externa":null,"local_origem_externa":null,"user":null,"anexadas":[],"autores":[106]}