{"id":32046,"__str__":"REQUERIMENTO n\u00ba 2185 de 2023","metadata":{},"numero":2185,"ano":2023,"numero_protocolo":3399,"data_apresentacao":"2023-08-29","tipo_apresentacao":"","data_publicacao":null,"numero_origem_externa":"","ano_origem_externa":null,"data_origem_externa":null,"apelido":"","dias_prazo":null,"data_fim_prazo":null,"em_tramitacao":false,"polemica":false,"objeto":"","complementar":false,"ementa":"Solicito a instala\u00e7\u00e3o de 02 (dois) port\u00f5es gradeados (um de cada lado) na 2\u00aa Tv. S\u00e3o Sebasti\u00e3o (conhecido como \u201cBeco da Mijada\u201d), no Centro, neste munic\u00edpio.","indexacao":"","observacao":"","resultado":"","texto_original":"http://sapl.caruaru.pe.leg.br/media/sapl/public/materialegislativa/2023/32046/requerimento_no_portao_no_beco_da_mijada.pdf","data_ultima_atualizacao":"2023-09-01T11:58:43.684079-03:00","ip":"","ultima_edicao":null,"tipo":1,"regime_tramitacao":1,"tipo_origem_externa":null,"local_origem_externa":null,"user":null,"anexadas":[],"autores":[114]}