{"id":32067,"__str__":"REQUERIMENTO n\u00ba 2199 de 2023","metadata":{},"numero":2199,"ano":2023,"numero_protocolo":3419,"data_apresentacao":"2023-08-30","tipo_apresentacao":"","data_publicacao":null,"numero_origem_externa":"","ano_origem_externa":null,"data_origem_externa":null,"apelido":"","dias_prazo":null,"data_fim_prazo":null,"em_tramitacao":false,"polemica":false,"objeto":"","complementar":false,"ementa":"Requer  a realiza\u00e7\u00e3o de AUDI\u00caNCIA P\u00daBLICA para discutir sobre a cria\u00e7\u00e3o de um novo Distrito Industrial, debatendo novos espa\u00e7os, doa\u00e7\u00e3o de terrenos para empresas, al\u00e9m de debater sobre o cen\u00e1rio atual do Polo Industrial que j\u00e1 existe, sobre os terrenos que foram doados e n\u00e3o est\u00e3o sendo utilizados; se as empresas est\u00e3o cumprindo suas obriga\u00e7\u00f5es sobre ado\u00e7\u00e3o das \u00e1reas, etc.","indexacao":"","observacao":"","resultado":"","texto_original":"http://sapl.caruaru.pe.leg.br/media/sapl/public/materialegislativa/2023/32067/req_audiencia_publica_sobre_a_criacao_do_novo_distrito_industrial.pdf","data_ultima_atualizacao":"2023-09-13T11:46:22.904801-03:00","ip":"","ultima_edicao":null,"tipo":1,"regime_tramitacao":1,"tipo_origem_externa":null,"local_origem_externa":null,"user":null,"anexadas":[],"autores":[105]}