{"id":32080,"__str__":"REQUERIMENTO n\u00ba 2210 de 2023","metadata":{},"numero":2210,"ano":2023,"numero_protocolo":3432,"data_apresentacao":"2023-08-31","tipo_apresentacao":"","data_publicacao":null,"numero_origem_externa":"","ano_origem_externa":null,"data_origem_externa":null,"apelido":"","dias_prazo":null,"data_fim_prazo":null,"em_tramitacao":false,"polemica":false,"objeto":"","complementar":false,"ementa":"Requer que seja feita solicita\u00e7\u00e3o ao Excelent\u00edssimo Prefeito do Munic\u00edpio de Caruaru o Sr. Rodrigo Pinheiro, \r\ncom extensivo ao Secret\u00e1rio de Servi\u00e7os P\u00fablicos e Sustentabilidade, Sr. \r\nManoel \u00c1vila, para que seja feita a capina\u00e7\u00e3o na \u00e1rea verde localizada na \r\nRua Joaquim Jos\u00e9 da Silva, Bairro Jardim Boa Vista.","indexacao":"","observacao":"","resultado":"","texto_original":"http://sapl.caruaru.pe.leg.br/media/sapl/public/materialegislativa/2023/32080/capinacao_da_area_verde_no_jardim_boa_vsta_andorinha_ass.pdf","data_ultima_atualizacao":"2023-09-11T12:15:07.144364-03:00","ip":"","ultima_edicao":null,"tipo":1,"regime_tramitacao":1,"tipo_origem_externa":null,"local_origem_externa":null,"user":null,"anexadas":[],"autores":[107]}