{"id":33262,"__str__":"REQUERIMENTO n\u00ba 2830 de 2023","metadata":{},"numero":2830,"ano":2023,"numero_protocolo":4586,"data_apresentacao":"2023-11-23","tipo_apresentacao":"","data_publicacao":null,"numero_origem_externa":"","ano_origem_externa":null,"data_origem_externa":null,"apelido":"","dias_prazo":null,"data_fim_prazo":null,"em_tramitacao":false,"polemica":false,"objeto":"","complementar":false,"ementa":"AO SECRET\u00c1RIO DE SERVI\u00c7OS P\u00daBLICOS E SUSTENTABILIDADE, O ILMO. SR. MANOEL NORATO, O PEDIDO PARA QUE SEJA AMPLIADO O ATENDIMENTO DA AME PARA O S\u00c1BADO TAMB\u00c9M, PELO MENOS DE 08H \u00c0S 12H.","indexacao":"","observacao":"","resultado":"","texto_original":"http://sapl.caruaru.pe.leg.br/media/sapl/public/materialegislativa/2023/33262/269_requerimento__serv_publicos_horario_da_ame.pdf","data_ultima_atualizacao":"2023-11-30T07:31:45.141200-03:00","ip":"","ultima_edicao":null,"tipo":1,"regime_tramitacao":1,"tipo_origem_externa":null,"local_origem_externa":null,"user":null,"anexadas":[],"autores":[117]}