{"id":34146,"__str__":"REQUERIMENTO n\u00ba 264 de 2024","metadata":{},"numero":264,"ano":2024,"numero_protocolo":366,"data_apresentacao":"2024-02-19","tipo_apresentacao":"","data_publicacao":null,"numero_origem_externa":"","ano_origem_externa":null,"data_origem_externa":null,"apelido":"","dias_prazo":null,"data_fim_prazo":null,"em_tramitacao":false,"polemica":false,"objeto":"","complementar":false,"ementa":"PEDIDO REITERADO DO REQUERIMENTO DE N\u00ba 776/2023 \u2013 DESTINADO AO PRESIDENTE DA FUNDA\u00c7\u00c3O DE CULTURA, PARA QUE INSIRA NO CALEND\u00c1RIO CULTURAL DA CIDADE O \u201cDIA DO/A PROFISSIONAL DA DAN\u00c7A\u201d E A \u201cSEMANA CULTURAL DE DAN\u00c7A\u201d, CONFORME O ART. 1\u00ba DA LEI N\u00ba 6.877/ 2022.","indexacao":"","observacao":"","resultado":"","texto_original":"http://sapl.caruaru.pe.leg.br/media/sapl/public/materialegislativa/2024/34146/20_fund_cultura_insercao_no_calendario_cultural_dia_do_profis_de_danca.pdf","data_ultima_atualizacao":"2024-02-27T11:38:21.648583-03:00","ip":"","ultima_edicao":null,"tipo":1,"regime_tramitacao":1,"tipo_origem_externa":null,"local_origem_externa":null,"user":null,"anexadas":[],"autores":[117]}