{"id":34644,"__str__":"REQUERIMENTO n\u00ba 548 de 2024","metadata":{},"numero":548,"ano":2024,"numero_protocolo":857,"data_apresentacao":"2024-03-07","tipo_apresentacao":"","data_publicacao":null,"numero_origem_externa":"","ano_origem_externa":null,"data_origem_externa":null,"apelido":"","dias_prazo":null,"data_fim_prazo":null,"em_tramitacao":false,"polemica":false,"objeto":"","complementar":false,"ementa":"Requeiro \u00e0 Mesa Diretora, cumpridas as formalidades regimentais, ouvido o Plen\u00e1rio, que seja\r\ndirigido veemente apelo ao Exmo. Sr. Prefeito do munic\u00edpio de Caruaru, Rodrigo Pinheiro e a Secret\u00e1ria\r\nde Educa\u00e7\u00e3o Aline Tib\u00farcio, extensivo ao Secret\u00e1rio de Infraestrutura Urbana e Obras, Andrews Melo,\r\na amplia\u00e7\u00e3o do CMEI Am\u00e9lia Tereza da Concei\u00e7\u00e3o, na Vila Peladas","indexacao":"","observacao":"","resultado":"","texto_original":"http://sapl.caruaru.pe.leg.br/media/sapl/public/materialegislativa/2024/34644/requerimento_ampliacao_cmei.pdf","data_ultima_atualizacao":"2024-03-14T10:32:40.429692-03:00","ip":"","ultima_edicao":null,"tipo":1,"regime_tramitacao":1,"tipo_origem_externa":null,"local_origem_externa":null,"user":null,"anexadas":[],"autores":[23]}