{"id":36041,"__str__":"PROJETO DE LEI n\u00ba 9929 de 2024","metadata":{"signs":{"texto_original":{"admin":[],"autores":[["Nome do Assinante N\u00e3o Localizado.",["2024-05-24T16:24:09-03:00","CMC"]]]}}},"numero":9929,"ano":2024,"numero_protocolo":2205,"data_apresentacao":"2024-05-27","tipo_apresentacao":"","data_publicacao":null,"numero_origem_externa":"","ano_origem_externa":null,"data_origem_externa":null,"apelido":"","dias_prazo":null,"data_fim_prazo":null,"em_tramitacao":false,"polemica":false,"objeto":"","complementar":false,"ementa":"ALTERA A LEI MUNICIPAL N\u00ba 5.330 DE 2013, QUE ESTABELECE O DIA MUNICIPAL DOS SURDOS, ESTENDENDO-SE A COMEMORA\u00c7\u00c3O PARA A SEMANA DO DIA 26 DE SETEMBRO, PASSANDO A SE CHAMAR, NO CALEND\u00c1RIO OFICIAL DE EVENTOS DO MUNIC\u00cdPIO, DE \u201cSEMANA MUNICIPAL DA PESSOA SURDA\u201d.","indexacao":"","observacao":"","resultado":"","texto_original":"http://sapl.caruaru.pe.leg.br/media/sapl/public/materialegislativa/2024/36041/03_projeto_de_lei_semana_municipal_da_pessoa_surda_ok.pdf","data_ultima_atualizacao":"2025-01-04T10:08:02.122389-03:00","ip":"","ultima_edicao":null,"tipo":3,"regime_tramitacao":1,"tipo_origem_externa":null,"local_origem_externa":null,"user":null,"anexadas":[],"autores":[117]}