{"id":36731,"__str__":"REQUERIMENTO n\u00ba 1653 de 2024","metadata":{},"numero":1653,"ano":2024,"numero_protocolo":2852,"data_apresentacao":"2024-08-21","tipo_apresentacao":"","data_publicacao":null,"numero_origem_externa":"","ano_origem_externa":null,"data_origem_externa":null,"apelido":"","dias_prazo":null,"data_fim_prazo":null,"em_tramitacao":false,"polemica":false,"objeto":"","complementar":false,"ementa":"Requer a apresenta\u00e7\u00e3o de Anteprojeto de lei que disp\u00f5e sobre a gratuidade e a prioridade na utiliza\u00e7\u00e3o dos parques e das pra\u00e7as de Caruaru para a realiza\u00e7\u00e3o de Feiras de Empreendedorismo voltadas para o Artesanato, a Gastronomia, as Feiras Org\u00e2nicas e as Feiras de Plantas relacionadas \u00e0 Economia Criativa e Circular.","indexacao":"","observacao":"","resultado":"","texto_original":"http://sapl.caruaru.pe.leg.br/media/sapl/public/materialegislativa/2024/36731/apl_-_feiras_de_empreendedorismo.pdf","data_ultima_atualizacao":"2024-08-28T11:22:41.693945-03:00","ip":"","ultima_edicao":null,"tipo":1,"regime_tramitacao":1,"tipo_origem_externa":null,"local_origem_externa":null,"user":null,"anexadas":[],"autores":[111]}