{"id":36878,"__str__":"INDICA\u00c7\u00c3O n\u00ba 285 de 2024","metadata":{},"numero":285,"ano":2024,"numero_protocolo":2983,"data_apresentacao":"2024-09-06","tipo_apresentacao":"","data_publicacao":null,"numero_origem_externa":"","ano_origem_externa":null,"data_origem_externa":null,"apelido":"","dias_prazo":null,"data_fim_prazo":null,"em_tramitacao":false,"polemica":false,"objeto":"","complementar":false,"ementa":"Que seja encaminhado que \u00e0 Excelent\u00edssima Senhora Governadora do Estado de Pernambuco, Raquel Lyra, extensivo ao Excelent\u00edssimo Senhor Secret\u00e1rio de Desenvolvimento Econ\u00f4mico, Guilherme Cavalcanti, bem como ao Ilustr\u00edssimo Senhor Diretor-Presidente da Ag\u00eancia de Desenvolvimento Econ\u00f4mico de Pernambuco,  Andr\u00e9 Teixeira Filho, as quais indica e requer seja constru\u00edda e instalada coberturas no Parque 18 de Maio, no Munic\u00edpio de Caruaru.","indexacao":"","observacao":"","resultado":"","texto_original":"http://sapl.caruaru.pe.leg.br/media/sapl/public/materialegislativa/2024/36878/indicacao_-_sedec_-_coberta_feira_da_sulanca.pdf","data_ultima_atualizacao":"2024-09-18T11:00:50.838565-03:00","ip":"","ultima_edicao":null,"tipo":2,"regime_tramitacao":1,"tipo_origem_externa":null,"local_origem_externa":null,"user":null,"anexadas":[],"autores":[104]}