{"id":3736,"__str__":"REQUERIMENTO n\u00ba 138 de 2018","metadata":{},"numero":138,"ano":2018,"numero_protocolo":2163,"data_apresentacao":"2018-02-08","tipo_apresentacao":"","data_publicacao":null,"numero_origem_externa":"","ano_origem_externa":null,"data_origem_externa":null,"apelido":"","dias_prazo":null,"data_fim_prazo":null,"em_tramitacao":false,"polemica":null,"objeto":"","complementar":null,"ementa":"REQUERIMENTO REITERANDO PARA QUE SEJA ENCAMINHADO APELO AO PODER EXECUTIVO MUNICIPAL, NO SENTIDO PARA QUE NOS DIAS 23 E 24 DE JUNHO, DATAS DEDICADAS \u00c0 CELEBRA\u00c7\u00c3O DO S\u00c3O JO\u00c3O, A PREFEITURA E \u00c0 FUNDA\u00c7\u00c3O DE CULTURA E TURISMO TENHAM A SUA PROGRAMA\u00c7\u00c3O MARCADA PELA EXCLUSIVIDADE DA NOSSA M\u00daSICA E DA NOSSA DAN\u00c7A EM TODOS OS POLOS DA FESTA JUNINA DE CARUARU.","indexacao":"","observacao":"","resultado":"","texto_original":"http://sapl.caruaru.pe.leg.br/media/sapl/public/materialegislativa/2018/3736/requerimento-ano-2018-manter-a-tradi-o-musical-_gd0bH0E.pdf","data_ultima_atualizacao":"2021-02-06T08:36:52.019497-03:00","ip":"","ultima_edicao":null,"tipo":1,"regime_tramitacao":1,"tipo_origem_externa":null,"local_origem_externa":null,"user":null,"anexadas":[8315],"autores":[24]}