{"id":37526,"__str__":"INDICA\u00c7\u00c3O n\u00ba 353 de 2024","metadata":{"signs":{"texto_original":{"admin":[],"autores":[["Nome do Assinante N\u00e3o Localizado.",["2024-11-27T12:31:33-03:00","C\u00e2mara Municipal de Caruaru"]]]}}},"numero":353,"ano":2024,"numero_protocolo":3551,"data_apresentacao":"2024-11-27","tipo_apresentacao":"","data_publicacao":null,"numero_origem_externa":"","ano_origem_externa":null,"data_origem_externa":null,"apelido":"","dias_prazo":null,"data_fim_prazo":null,"em_tramitacao":false,"polemica":false,"objeto":"","complementar":false,"ementa":"Indico \u00e0 Exma. Sra. Governadora do Estado de Pernambuco, Raquel Lyra, extensivo a Secretaria de Defesa Social, Sr. Alessandro Carvalho Liberato de Mattos, ao Chefe de Pol\u00edcia Civil de Pernambuco, Sr. Renato M\u00e1rcio Rocha Leite e ao Diretor Integrado do Interior I (DINTER I), Sr. Delegado Bruno Vital para que procedam com a implanta\u00e7\u00e3o de Unidades M\u00f3veis da Pol\u00edcia Civil nos Distritos de Caruaru.","indexacao":"","observacao":"","resultado":"","texto_original":"http://sapl.caruaru.pe.leg.br/media/sapl/public/materialegislativa/2024/37526/ind._unidade_movel_de_policia.pdf","data_ultima_atualizacao":"2024-12-05T10:02:16.582839-03:00","ip":"","ultima_edicao":null,"tipo":2,"regime_tramitacao":1,"tipo_origem_externa":null,"local_origem_externa":null,"user":null,"anexadas":[],"autores":[106]}