{"id":37554,"__str__":"REQUERIMENTO n\u00ba 2061 de 2024","metadata":{"signs":{"texto_original":{"admin":[],"autores":[["Nome do Assinante N\u00e3o Localizado.",["2024-12-02T13:05:50-03:00","C\u00e2mara Municipal de Caruaru"]]]}}},"numero":2061,"ano":2024,"numero_protocolo":3578,"data_apresentacao":"2024-12-03","tipo_apresentacao":"","data_publicacao":null,"numero_origem_externa":"","ano_origem_externa":null,"data_origem_externa":null,"apelido":"","dias_prazo":null,"data_fim_prazo":null,"em_tramitacao":false,"polemica":false,"objeto":"","complementar":false,"ementa":"A fim de promover a capacita\u00e7\u00e3o de educadores das escolas p\u00fablicas, prop\u00f5e-se a realiza\u00e7\u00e3o de palestras de forma\u00e7\u00e3o com tem\u00e1ticas direcionadas \u00e0 educa\u00e7\u00e3o inclusiva de crian\u00e7as e adolescentes com defici\u00eancia, especialmente aqueles com cegueira e baixa vis\u00e3o.","indexacao":"","observacao":"","resultado":"","texto_original":"http://sapl.caruaru.pe.leg.br/media/sapl/public/materialegislativa/2024/37554/requerimento_capacitacao_de_professores.pdf","data_ultima_atualizacao":"2024-12-09T09:23:43.970551-03:00","ip":"","ultima_edicao":null,"tipo":1,"regime_tramitacao":1,"tipo_origem_externa":null,"local_origem_externa":null,"user":null,"anexadas":[],"autores":[18]}