{"id":3826,"__str__":"REQUERIMENTO n\u00ba 220 de 2018","metadata":{},"numero":220,"ano":2018,"numero_protocolo":2252,"data_apresentacao":"2018-02-20","tipo_apresentacao":"","data_publicacao":null,"numero_origem_externa":"","ano_origem_externa":null,"data_origem_externa":null,"apelido":"","dias_prazo":null,"data_fim_prazo":null,"em_tramitacao":false,"polemica":null,"objeto":"","complementar":null,"ementa":"Requer que se proceda com a reforma e revitaliza\u00e7\u00e3o do a\u00e7ude localizado na Vila de Lajes, na Zona Rural deste munic\u00edpio.","indexacao":"","observacao":"","resultado":"","texto_original":"http://sapl.caruaru.pe.leg.br/media/sapl/public/materialegislativa/2018/3826/req.-vecfcmc-reforma-e-revitaliza-o-do-a-ude-lo_JYR5LQJ.pdf","data_ultima_atualizacao":"2021-02-06T08:41:55.530505-03:00","ip":"","ultima_edicao":null,"tipo":1,"regime_tramitacao":1,"tipo_origem_externa":null,"local_origem_externa":null,"user":null,"anexadas":[],"autores":[16]}