{"id":3939,"__str__":"REQUERIMENTO n\u00ba 316 de 2018","metadata":{},"numero":316,"ano":2018,"numero_protocolo":2357,"data_apresentacao":"2018-02-27","tipo_apresentacao":"","data_publicacao":null,"numero_origem_externa":"","ano_origem_externa":null,"data_origem_externa":null,"apelido":"","dias_prazo":null,"data_fim_prazo":null,"em_tramitacao":false,"polemica":null,"objeto":"","complementar":null,"ementa":"Que seja fiscalizada pela DESTRA as vagas destinadas aos Idosos e Deficientes nos estacionamentos rotativos no nosso Munic\u00edpio pois, pessoas sem respeito usam estes lugares sem a m\u00ednima considera\u00e7\u00e3o as pessoas que se destina. Reiterando nosso Requerimento. 2991/2017.","indexacao":"","observacao":"","resultado":"","texto_original":"http://sapl.caruaru.pe.leg.br/media/sapl/public/materialegislativa/2018/3939/req.-estacionamento-idosos-e-deficientes-27-02-2018..pdf","data_ultima_atualizacao":"2021-02-06T08:42:22.212183-03:00","ip":"","ultima_edicao":null,"tipo":1,"regime_tramitacao":1,"tipo_origem_externa":null,"local_origem_externa":null,"user":null,"anexadas":[],"autores":[13]}