{"id":39909,"__str__":"INDICA\u00c7\u00c3O n\u00ba 275 de 2025","metadata":{"signs":{"texto_original":{"admin":[],"autores":[["Nome do Assinante N\u00e3o Localizado.",["2025-05-08T10:37:30-03:00","C\u00e2mara Municipal de Caruaru"]]]}}},"numero":275,"ano":2025,"numero_protocolo":2167,"data_apresentacao":"2025-05-08","tipo_apresentacao":"","data_publicacao":null,"numero_origem_externa":"","ano_origem_externa":null,"data_origem_externa":null,"apelido":"","dias_prazo":null,"data_fim_prazo":null,"em_tramitacao":false,"polemica":false,"objeto":"","complementar":false,"ementa":"Indica\u00e7\u00e3o \u00e0 Governadora do Estado \u2013 Raquel Lyra, e ao Presidente da ADEPE (Ag\u00eancia de Desenvolvimento Econ\u00f4mico de Pernambuco) \u2013 Andr\u00e9 Teixeira Filho, para que haja a Transfer\u00eancia da Feira de Gado, para ao lado do Novo Matadouro P\u00fablico","indexacao":"","observacao":"","resultado":"","texto_original":"http://sapl.caruaru.pe.leg.br/media/sapl/public/materialegislativa/2025/39909/indicacao_27-2025_apoio_transferencia_feira_de_gado.pdf","data_ultima_atualizacao":"2025-05-14T09:42:17.621610-03:00","ip":"","ultima_edicao":null,"tipo":2,"regime_tramitacao":1,"tipo_origem_externa":null,"local_origem_externa":null,"user":null,"anexadas":[],"autores":[127]}