{"id":39942,"__str__":"REQUERIMENTO n\u00ba 1546 de 2025","metadata":{"signs":{"texto_original":{"admin":[],"autores":[["Nome do Assinante N\u00e3o Localizado.",["2025-05-08T19:27:46-03:00","C\u00e2mara Municipal de Caruaru"]]]}}},"numero":1546,"ano":2025,"numero_protocolo":2199,"data_apresentacao":"2025-05-12","tipo_apresentacao":"","data_publicacao":null,"numero_origem_externa":"","ano_origem_externa":null,"data_origem_externa":null,"apelido":"","dias_prazo":null,"data_fim_prazo":null,"em_tramitacao":false,"polemica":false,"objeto":"","complementar":false,"ementa":"Solicitamos que seja realizada AUDI\u00caNCIA P\u00daBLICA, com a finalidade de buscar a regulariza\u00e7\u00e3o do Transporte Complementar que \u00e9 de extrema import\u00e2ncia e URG\u00caNCIA","indexacao":"","observacao":"","resultado":"","texto_original":"http://sapl.caruaru.pe.leg.br/media/sapl/public/materialegislativa/2025/39942/requerimento_audiencia_transporte_complementar.pdf","data_ultima_atualizacao":"2025-05-18T13:08:19.543572-03:00","ip":"","ultima_edicao":null,"tipo":1,"regime_tramitacao":1,"tipo_origem_externa":null,"local_origem_externa":null,"user":null,"anexadas":[],"autores":[128]}