{"id":39951,"__str__":"INDICA\u00c7\u00c3O n\u00ba 278 de 2025","metadata":{"signs":{"texto_original":{"admin":[],"autores":[["Nome do Assinante N\u00e3o Localizado.",["2025-05-12T09:42:43-03:00","C\u00e2mara Municipal de Caruaru"]]]}}},"numero":278,"ano":2025,"numero_protocolo":2208,"data_apresentacao":"2025-05-12","tipo_apresentacao":"","data_publicacao":null,"numero_origem_externa":"","ano_origem_externa":null,"data_origem_externa":null,"apelido":"","dias_prazo":null,"data_fim_prazo":null,"em_tramitacao":false,"polemica":false,"objeto":"","complementar":false,"ementa":"Implanta\u00e7\u00e3o de cozinha\r\ncomunit\u00e1ria, capitaneadas pelo Estado de Pernambuco, no Munic\u00edpio de Caruaru,\r\nprecisamente na Comunidade da Vila do Cip\u00f3, para que sirvam refei\u00e7\u00f5es di\u00e1rias\r\npara as pessoas em estado de vulnerabilidade social.","indexacao":"","observacao":"","resultado":"","texto_original":"http://sapl.caruaru.pe.leg.br/media/sapl/public/materialegislativa/2025/39951/indicacao_cozinha_comunitaria_cipo.pdf","data_ultima_atualizacao":"2025-05-20T11:56:25.719035-03:00","ip":"","ultima_edicao":null,"tipo":2,"regime_tramitacao":1,"tipo_origem_externa":null,"local_origem_externa":null,"user":null,"anexadas":[],"autores":[104]}