{"id":40060,"__str__":"REQUERIMENTO n\u00ba 1597 de 2025","metadata":{"signs":{"texto_original":{"admin":[],"autores":[["Nome do Assinante N\u00e3o Localizado.",["2025-05-14T09:24:13-03:00","C\u00e2mara Municipal de Caruaru"]]]}}},"numero":1597,"ano":2025,"numero_protocolo":2315,"data_apresentacao":"2025-05-15","tipo_apresentacao":"","data_publicacao":null,"numero_origem_externa":"","ano_origem_externa":null,"data_origem_externa":null,"apelido":"","dias_prazo":null,"data_fim_prazo":null,"em_tramitacao":false,"polemica":false,"objeto":"","complementar":false,"ementa":"Cal\u00e7amento e saneamento da segunda rua \u00e0 direita ap\u00f3s a Creche Jos\u00e9 Ailton, no Murici, sem nome, mas conhecida como rua do Boteco do Vidro.","indexacao":"","observacao":"","resultado":"","texto_original":"http://sapl.caruaru.pe.leg.br/media/sapl/public/materialegislativa/2025/40060/calcamento_e_saneamento_da_segunda_rua_a_direita_apos_a_creche_jose_ailton_no_murici_sem_nome_mas_conhecida_como_rua_do_boteco_do_vidro.pdf","data_ultima_atualizacao":"2025-05-25T15:56:07.735013-03:00","ip":"","ultima_edicao":null,"tipo":1,"regime_tramitacao":1,"tipo_origem_externa":null,"local_origem_externa":null,"user":null,"anexadas":[],"autores":[130]}